{"id":3414,"date":"2025-11-14T07:41:58","date_gmt":"2025-11-14T07:41:58","guid":{"rendered":"https:\/\/kralj-km.hr\/?p=3414"},"modified":"2025-11-14T07:41:59","modified_gmt":"2025-11-14T07:41:59","slug":"novo-u-ponudi-becchio-mandrile","status":"publish","type":"post","link":"https:\/\/kralj-km.hr\/index.php\/2025\/11\/14\/novo-u-ponudi-becchio-mandrile\/","title":{"rendered":"NOVO U PONUDI &#8211; BECCHIO &amp; MANDRILE"},"content":{"rendered":"\n<p>S ponosom objavljujemo na\u0161eg novog partnera, talijansku tvrtku Becchio &amp; Mandrile (B&amp;M)! Suradnja je dogovorena na najve\u0107em sajmu poljoprivredne mehanizacije Agritechnica!<\/p>\n\n\n\n<p>B&amp;M je talijanski proizvo\u0111a\u010d profesionalnih mal\u010dera, te u svojoj ponudi nude \u0161umske mal\u010dere do 25 cm debljine za profesionalce, \u0161umske mal\u010dere do 15 cm debljine za manje traktore, kranske mal\u010dere za komunalnu upotrebu, te posebno izdvajamo model TBA po izuzetno povoljnim cijenama<\/p>\n\n\n\n<p>Model TBA \u0107ete uskoro mo\u0107i vidjeti u na\u0161em prodajnom centru!<\/p>\n\n\n\n<p>Za sve informacije i ponude, obratite se na\u0161im prodajnim predstavnicima!<\/p>\n\n\n\n<p>Becchio &amp; Mandrile &#8211; Built to last!<\/p>\n\n\n\n<p>Krunoslav Kralj, +385 98 277 860, kruno@kralj-km.hr<\/p>\n\n\n\n<p>Tomislav Kralj, +385 91 6175 169,  tomislav@kralj-km.hr<\/p>\n\n\n\n<figure class=\"wp-block-image size-full\"><img fetchpriority=\"high\" decoding=\"async\" width=\"792\" height=\"507\" src=\"data:image\/gif;base64,R0lGODlhAQABAAAAACH5BAEKAAEALAAAAAABAAEAAAICTAEAOw==\" alt=\"Vemac Mulcher B&amp;M TBA200 200cm Becchio Mandrile\" class=\"wp-image-3415 lazyload\" sizes=\"(max-width: 792px) 100vw, 792px\" data-src=\"https:\/\/kralj-km.hr\/wp-content\/uploads\/2025\/11\/Vemac-Mulcher-B-amp-M-TBA200-200cm-Becchio-Mandrile-Schlegelmulcher-NEU-Njemacka_35879_6366124647474.jpg\" data-srcset=\"https:\/\/kralj-km.hr\/wp-content\/uploads\/2025\/11\/Vemac-Mulcher-B-amp-M-TBA200-200cm-Becchio-Mandrile-Schlegelmulcher-NEU-Njemacka_35879_6366124647474.jpg 792w, https:\/\/kralj-km.hr\/wp-content\/uploads\/2025\/11\/Vemac-Mulcher-B-amp-M-TBA200-200cm-Becchio-Mandrile-Schlegelmulcher-NEU-Njemacka_35879_6366124647474-300x192.jpg 300w, https:\/\/kralj-km.hr\/wp-content\/uploads\/2025\/11\/Vemac-Mulcher-B-amp-M-TBA200-200cm-Becchio-Mandrile-Schlegelmulcher-NEU-Njemacka_35879_6366124647474-768x492.jpg 768w\"><figcaption class=\"wp-element-caption\">Mal\u010der B&amp;M, model TBA<\/figcaption><\/figure>\n\n\n\n<figure class=\"wp-block-image size-full\"><img decoding=\"async\" width=\"1024\" height=\"768\" src=\"data:image\/gif;base64,R0lGODlhAQABAAAAACH5BAEKAAEALAAAAAABAAEAAAICTAEAOw==\" alt=\"580743399 1628200681772146 7183452792912313981 n\" class=\"wp-image-3416 lazyload\" sizes=\"(max-width: 1024px) 100vw, 1024px\" data-src=\"https:\/\/kralj-km.hr\/wp-content\/uploads\/2025\/11\/580743399_1628200681772146_7183452792912313981_n.jpg\" data-srcset=\"https:\/\/kralj-km.hr\/wp-content\/uploads\/2025\/11\/580743399_1628200681772146_7183452792912313981_n.jpg 1024w, https:\/\/kralj-km.hr\/wp-content\/uploads\/2025\/11\/580743399_1628200681772146_7183452792912313981_n-300x225.jpg 300w, https:\/\/kralj-km.hr\/wp-content\/uploads\/2025\/11\/580743399_1628200681772146_7183452792912313981_n-768x576.jpg 768w\"><figcaption class=\"wp-element-caption\">Komunalni (kranski) mal\u010der B&amp;M<\/figcaption><\/figure>\n\n\n\n<figure class=\"wp-block-image size-large\"><img decoding=\"async\" width=\"1024\" height=\"576\" src=\"data:image\/gif;base64,R0lGODlhAQABAAAAACH5BAEKAAEALAAAAAABAAEAAAICTAEAOw==\" alt=\"581806241 1628200701772144 7668597264830065483 n\" class=\"wp-image-3417 lazyload\" sizes=\"(max-width: 1024px) 100vw, 1024px\" data-src=\"https:\/\/kralj-km.hr\/wp-content\/uploads\/2025\/11\/581806241_1628200701772144_7668597264830065483_n-1024x576.jpg\" data-srcset=\"https:\/\/kralj-km.hr\/wp-content\/uploads\/2025\/11\/581806241_1628200701772144_7668597264830065483_n-1024x576.jpg 1024w, https:\/\/kralj-km.hr\/wp-content\/uploads\/2025\/11\/581806241_1628200701772144_7668597264830065483_n-300x169.jpg 300w, https:\/\/kralj-km.hr\/wp-content\/uploads\/2025\/11\/581806241_1628200701772144_7668597264830065483_n-768x432.jpg 768w, https:\/\/kralj-km.hr\/wp-content\/uploads\/2025\/11\/581806241_1628200701772144_7668597264830065483_n-1536x864.jpg 1536w, https:\/\/kralj-km.hr\/wp-content\/uploads\/2025\/11\/581806241_1628200701772144_7668597264830065483_n.jpg 1920w\"><figcaption class=\"wp-element-caption\">\u0160umski mal\u010der B&amp;M za manje traktore<\/figcaption><\/figure>\n\n\n\n<figure class=\"wp-block-image size-full\"><img loading=\"lazy\" decoding=\"async\" width=\"500\" height=\"332\" src=\"data:image\/gif;base64,R0lGODlhAQABAAAAACH5BAEKAAEALAAAAAABAAEAAAICTAEAOw==\" alt=\"583437091 1628196698439211 3551795093859390955 n\" class=\"wp-image-3418 lazyload\" sizes=\"(max-width: 500px) 100vw, 500px\" data-src=\"https:\/\/kralj-km.hr\/wp-content\/uploads\/2025\/11\/583437091_1628196698439211_3551795093859390955_n.jpg\" data-srcset=\"https:\/\/kralj-km.hr\/wp-content\/uploads\/2025\/11\/583437091_1628196698439211_3551795093859390955_n.jpg 500w, https:\/\/kralj-km.hr\/wp-content\/uploads\/2025\/11\/583437091_1628196698439211_3551795093859390955_n-300x199.jpg 300w\"><figcaption class=\"wp-element-caption\">\u0160umski mal\u010der za profesionalnu upotrebu (do 25 cm promjera)<\/figcaption><\/figure>\n","protected":false},"excerpt":{"rendered":"<p>S ponosom objavljujemo na\u0161eg novog partnera, talijansku tvrtku Becchio &amp; Mandrile (B&amp;M)! Suradnja je dogovorena na najve\u0107em sajmu poljoprivredne mehanizacije Agritechnica! B&amp;M je talijanski proizvo\u0111a\u010d profesionalnih mal\u010dera, te u svojoj ponudi nude \u0161umske mal\u010dere do 25 cm debljine za profesionalce, \u0161umske mal\u010dere do 15 cm debljine za manje traktore, kranske mal\u010dere za komunalnu upotrebu, te [&hellip;]<\/p>\n","protected":false},"author":2,"featured_media":3415,"comment_status":"open","ping_status":"open","sticky":false,"template":"","format":"standard","meta":{"om_disable_all_campaigns":false,"_monsterinsights_skip_tracking":false,"_monsterinsights_sitenote_active":false,"_monsterinsights_sitenote_note":"","_monsterinsights_sitenote_category":0,"footnotes":""},"categories":[18],"tags":[],"class_list":["post-3414","post","type-post","status-publish","format-standard","has-post-thumbnail","hentry","category-novosti"],"aioseo_notices":[],"_links":{"self":[{"href":"https:\/\/kralj-km.hr\/index.php\/wp-json\/wp\/v2\/posts\/3414","targetHints":{"allow":["GET"]}}],"collection":[{"href":"https:\/\/kralj-km.hr\/index.php\/wp-json\/wp\/v2\/posts"}],"about":[{"href":"https:\/\/kralj-km.hr\/index.php\/wp-json\/wp\/v2\/types\/post"}],"author":[{"embeddable":true,"href":"https:\/\/kralj-km.hr\/index.php\/wp-json\/wp\/v2\/users\/2"}],"replies":[{"embeddable":true,"href":"https:\/\/kralj-km.hr\/index.php\/wp-json\/wp\/v2\/comments?post=3414"}],"version-history":[{"count":0,"href":"https:\/\/kralj-km.hr\/index.php\/wp-json\/wp\/v2\/posts\/3414\/revisions"}],"wp:featuredmedia":[{"embeddable":true,"href":"https:\/\/kralj-km.hr\/index.php\/wp-json\/wp\/v2\/media\/3415"}],"wp:attachment":[{"href":"https:\/\/kralj-km.hr\/index.php\/wp-json\/wp\/v2\/media?parent=3414"}],"wp:term":[{"taxonomy":"category","embeddable":true,"href":"https:\/\/kralj-km.hr\/index.php\/wp-json\/wp\/v2\/categories?post=3414"},{"taxonomy":"post_tag","embeddable":true,"href":"https:\/\/kralj-km.hr\/index.php\/wp-json\/wp\/v2\/tags?post=3414"}],"curies":[{"name":"wp","href":"https:\/\/api.w.org\/{rel}","templated":true}]}}